{"id":426,"date":"2020-03-15T16:42:45","date_gmt":"2020-03-15T15:42:45","guid":{"rendered":"http:\/\/afaps.fr\/?p=426"},"modified":"2020-03-15T16:42:45","modified_gmt":"2020-03-15T15:42:45","slug":"bulletin-de-fevrier-2020","status":"publish","type":"post","link":"https:\/\/afaps.fr\/?p=426","title":{"rendered":"Bulletin de f\u00e9vrier 2020"},"content":{"rendered":"\n<p>Chers adh\u00e9rents, Chers amis,<\/p>\n\n\n\n<p><p>Nous avons le plaisir de vous envoyer le premier bulletin de l&rsquo;ann\u00e9e 2020.<br> Tout d&rsquo;abord, permettez-nous de souligner quelques rappels concernant l&rsquo;A.F.A.P.S.<br> L&rsquo;amicale Franco-Asiatique Paris-Sud a vu le jour il y a 34 ans, et voyons ci-dessous les actions de l&rsquo;A.F.A.P.S. depuis sa cr\u00e9ation jusqu&rsquo;\u00e0 aujourd&rsquo;hui et&#8230;encore&#8230;<\/p><br><\/p>\n\n\n\n<p style=\"background-color:#4f81bd\" class=\"has-text-color has-background has-very-light-gray-color\"><strong>COURS DE VIETNAMIEN<\/strong><\/p>\n\n\n\n<p><img loading=\"lazy\" decoding=\"async\" class=\"size-full wp-image-402 alignright\" src=\"http:\/\/afaps.fr\/afaps\/images\/articles\/2020_02\/eleves.png\" alt=\"\" width=\"183\" height=\"258\"><\/p>\n<p><strong>Un premier objectif<\/strong> :&nbsp; Promouvoir &nbsp;la culture asiatique. Pour ce faire, l&rsquo;A.F.A.P.S. organise des cours de vietnamien pour enfants, adolescents et adultes.<br> &#8211; <strong>Cours pour enfants<\/strong> : 3 groupes , d\u00e9butant, interm\u00e9diaire, avanc\u00e9.<br> &#8211; <strong>Cours pour adultes et adolescents<\/strong> : niveau d\u00e9butant, et niveau avanc\u00e9.<br> Les cours de vietnamien ont lieu tous les samedis de 14h30 \u00e0 16h00, hors vacances scolaire, <br>\u00e0 <strong>l&rsquo;Ecole primaire Velpeau, 22 bis rue Jeanne d&rsquo;Arc, 92160 Antony.<\/strong><\/p><br><br>\n\n\n\n<p style=\"background-color:#4f81bd\" class=\"has-text-color has-background has-very-light-gray-color\"><strong>ACTIONS CULTURELLES<\/strong><\/p>\n\n\n\n<p><strong>Deuxi\u00e8me objectif<\/strong> : tisser des liens d&rsquo;amiti\u00e9 entre les membres.<br>L&rsquo;A.F.A.P.S. organise des sorties, des pique-niques, des repas, des galas, des conf\u00e9rences-d\u00e9bats&#8230;.<\/p>\n\n\n\n<p>Deux prochains \u00e9v\u00e9nements \u00e0 retenir : <\/p>\n\n\n\n<p class=\"has-text-color has-vivid-cyan-blue-color\"><strong>Conf\u00e9rence-d\u00e9bats en juin 2020<\/strong><\/p>\n\n\n\n<p>Les dates vous seront communiqu\u00e9es utt\u00e9rieurement.<\/p>\n\n\n\n<p class=\"has-text-color has-vivid-cyan-blue-color\"><strong>F\u00eate du Printemps<\/strong><\/p>\n\n\n\n<p>Pour\nf\u00eater dans la joie et la bonne humeur le Printemps, vous \u00eates chaleureusement\ninvit\u00e9s \u00e0 un go\u00fbter-dansant organis\u00e9 par l&rsquo;AFAPS. La f\u00eate aura lieu :<\/p>\n\n\n\n<p><img loading=\"lazy\" decoding=\"async\" class=\"size-full wp-image-402 alignright\" src=\"http:\/\/afaps.fr\/afaps\/images\/articles\/2020_02\/danse.png\" alt=\"\" width=\"178\" height=\"117\"><\/p>\n<p style=\"text-align:center\"><strong>Le Samedi 23 Mai 2020<br>de 14H \u00e0 18H30<br>SALLE ANDRE MALRAUX<br>1 Avenue L\u00e9on Harmel<br>92160 ANTONY<\/strong><br>Cliquer <a href=\"http:\/\/afaps.fr\/afaps-download\/2020\/AFAPS_REPAS_DU_PRINTEMPS_2020.jpg\"><strong>ici<\/strong><\/a>  pour voir l&rsquo;affiche. <\/p>\n\n\n\n<p><strong>AU PROGRAMME :<\/strong>\n<br>&#8211; Un fabuleux buffet-go\u00fbter \u00e9labor\u00e9 avec soin par nos \u00ab\u00a0chefs AFAPS\u00a0\u00bb\n<br>&#8211; Musique, chants, danse, sc\u00e9nettes, histoires&#8230;\n<br>&#8211; A applaudir absolument : les num\u00e9ros de chants par les enfants des cours de vietnamien\n<br>&#8211; Nouveau : <strong>The Voice<\/strong> vietnamien, et le Jury, c&rsquo;est Vous !!\n<br>&#8211; Orchestre compos\u00e9 d&rsquo;amis passionn\u00e9s de musique\n<br>&#8211; Rires, Applaudissements, Bonne Humeur, Bonne Ambiance, GARANTIS!\n\n\n\n<p><\/p>\n\n\n\n<p style=\"color:#365f93\" class=\"has-text-color\"><u>Participation aux frais: 15\u20ac &#8211; Les places sont limit\u00e9es<\/u><\/p>\n\n\n\n<p><strong>Tous les b\u00e9n\u00e9fices seront int\u00e9gralement vers\u00e9s au profit des \u0153uvres humanitaires de l&rsquo;AFAPS. Si vous ne pouvez pas venir, merci de nous envoyer un Don (66% d\u00e9ductible des imp\u00f4ts).<\/strong><\/p>\n\n\n\n<p style=\"color:#365f93;text-align:center\" class=\"has-text-color\">AFAPS &#8211; 65 Rue des Marguerites &#8211; 92160 Antony<\/p>\n\n\n\n<p style=\"background-color:#4f81bd\" class=\"has-text-color has-background has-very-light-gray-color\"><strong>ACTIONS HUMANITAIRES<\/strong><\/p>\n\n\n\n<p><strong>Troisi\u00e8me objectif<\/strong>, et de loin &nbsp;le plus important : apporter une aide morale et financi\u00e8re aux personnes les plus d\u00e9munies.<br> L&rsquo;AFAPS consacre la totalite de ses b\u00e9n\u00e9fices \u00e0&nbsp; ses activit\u00e9s \u00e0 la caisse sociale de l&rsquo;association pour ses actions humanitaires, notamment au Viet-Nam.<br>Ainsi nous avons pu continuer nos aides r\u00e9guli\u00e8res &nbsp;: <\/p>\n\n\n\n<p><img loading=\"lazy\" decoding=\"async\" class=\"size-full wp-image-402 alignright\" src=\"http:\/\/afaps.fr\/afaps\/images\/articles\/2020_02\/nguyen_khuyen.png\" alt=\"\" width=\"178\" height=\"117\"><\/p><p><strong>&#8211; une quinzaine de bourses d&rsquo;\u00e9tudes<\/strong> aux orphelins ou enfants des quartiers tr\u00e8s pauvres de Saigon.<br><strong>&#8211; une aide r\u00e9guli\u00e8re<\/strong> au centre Nguy\u1ec5n Khuy\u1ebfn \u00e0 Nha Trang o\u00f9 les Fr\u00e8res des Ecoles Chr\u00e9tiennes De La Salle recueillent des enfants et jeunes handicap\u00e9s pour leur enseigner un m\u00e9tier. <\/p><br>\n\n\n\n<p><img loading=\"lazy\" decoding=\"async\" class=\"size-full wp-image-402 alignleft\" src=\"http:\/\/afaps.fr\/afaps\/images\/articles\/2020_02\/Thien_Phuoc.png\" alt=\"\" width=\"178\" height=\"117\" \/><p><strong>&#8211; une aide r\u00e9guli\u00e8re<\/strong> au Centre  d&rsquo;assistance sociale de Thi\u00ean Ph\u01b0\u1edbc \u00e0 C\u1ee7-Chi, banlieue de Saigon, o\u00f9 des religieux recueillent 150 enfants abandonn\u00e9s ou handicap\u00e9s pour les \u00e9lever et leur donner un m\u00e9tier, ou l&rsquo;enseignement g\u00e9n\u00e9ral<\/p><br>\n\n\n\n<p><img loading=\"lazy\" decoding=\"async\" class=\"size-full wp-image-402 alignright\" src=\"http:\/\/afaps.fr\/afaps\/images\/articles\/2020_02\/Tan_Hung.png\" alt=\"\" width=\"178\" height=\"117\"><\/p><p><strong>&#8211; une aide r\u00e9guli\u00e8re<\/strong> aux classes \u00ab\u00a0d&rsquo;affection\u00a0\u00bb de T\u00e2n H\u01b0ng, banlieue de Saigon o\u00f9 une centaine d&rsquo;enfants des rues ou abandonn\u00e9s ont \u00e9t\u00e9 recueillis par les Fr\u00e8res des Ecoles chr\u00e9tiennes qui leur donnent une \u00e9ducation et enseignement g\u00e9n\u00e9ral de la classe 1(CP) \u00e0 la classe 5(CM2)<\/p>\n\n\n\n<p><img loading=\"lazy\" decoding=\"async\" class=\"size-full wp-image-402 alignleft\" src=\"http:\/\/afaps.fr\/afaps\/images\/articles\/2020_02\/Phu_Tho.png\" alt=\"\" width=\"178\" height=\"117\"><\/p><p><strong>&#8211; une aide r\u00e9guli\u00e8re<\/strong> \u00e0 une dizaine \u00e9tudiants tr\u00e8s pauvres des provinces au Nord VN pour poursuivre leurs \u00e9tudes de formateurs \u00e0 l\u2019Universit\u00e9 de Hanoi; \u00e9galement une aide annuelle \u00e0 5 \u00e9l\u00e8ves de secondaire de familles tr\u00e8s pauvres qui nous ont \u00e9t\u00e9 recommand\u00e9es par des religieux \u00e0 Antony. &nbsp;<\/p><br>\n\n\n\n<p><img loading=\"lazy\" decoding=\"async\" class=\"size-full wp-image-402 alignright\" src=\"http:\/\/afaps.fr\/afaps\/images\/articles\/2020_02\/distribution_denrees.jpg\" alt=\"\" width=\"178\" height=\"117\"><\/p><p><strong>&#8211; Ponctuellement, nous r\u00e9pondons \u00e9galement aux appels urgents d\u2019aide<\/strong>  pour des familles tr\u00e8s pauvres ayant un besoin ponctuel, comme par exemple une hospitalisation tr\u00e8s co\u00fbteuse inattendue, ou suite \u00e0 un d\u00e9c\u00e8s\u2026<\/p><br>\n\n\n\n<p><img loading=\"lazy\" decoding=\"async\" class=\"size-full wp-image-402 alignleft\" src=\"http:\/\/afaps.fr\/afaps\/images\/articles\/2020_02\/distribution_riz.jpg\" alt=\"\" width=\"178\" height=\"117\"><p>&#8211; L&rsquo; AFAPS participe \u00e9galement \u00e0 <strong>l\u2019aide internationale suite aux appels d&rsquo;urgence des ONG<\/strong> internationales ou des communaut\u00e9s religieuses, \u00e0 l&rsquo;occasion de grands sinistres (inondations, tremblement de terre, Tsunami&#8230;)<\/p><br><br>\n\n\n\n<p>Pour alimenter notre caisse sociale<strong>, <a href=\"http:\/\/afaps.fr\/afaps-download\/2019\/Adhe-Dons_2019-2020.pdf\">nous faisons appel \u00e0 vos dons pour nous aider \u00e0 continuer d&rsquo;aider les plus d\u00e9munis <\/strong>.<\/a><\/p>\n\n\n\n<p>Soutenez nos actions par votre adh\u00e9sion \u00e0 l&rsquo;AFAPS ou envoyez vos <a href=\"http:\/\/afaps.fr\/afaps-download\/2019\/Adhe-Dons_2019-2020.pdf\">dons<\/a>  (d\u00e9ductibles 66% des imp\u00f4ts, pour les dons et les adh\u00e9sions) par ch\u00e8que \u00e0 l&rsquo;ordre de AFAPS, adress\u00e9s \u00e0 <\/p>\n\n\n\n<p><strong>AFAPS, 65 rue des Marguerites, 92160 Antony<\/strong><\/p>\n\n\n\n<p>Par avance, nous vous remercions de votre solidarit\u00e9 et de votre g\u00e9n\u00e9rosit\u00e9.<\/p>\n\n\n\n<p>Amicalement,<br>\nA.F.A.P.S.<\/p>\n","protected":false},"excerpt":{"rendered":"<p>Chers adh\u00e9rents, Chers amis, Nous avons le plaisir de vous envoyer le premier bulletin de l&rsquo;ann\u00e9e 2020. Tout d&rsquo;abord, permettez-nous de souligner quelques rappels concernant l&rsquo;A.F.A.P.S. L&rsquo;amicale Franco-Asiatique Paris-Sud a vu le jour il y a 34 ans, et voyons ci-dessous les actions de l&rsquo;A.F.A.P.S. depuis sa cr\u00e9ation jusqu&rsquo;\u00e0 aujourd&rsquo;hui et&#8230;encore&#8230; COURS DE VIETNAMIEN Un [&hellip;]<\/p>\n","protected":false},"author":2,"featured_media":0,"comment_status":"closed","ping_status":"open","sticky":false,"template":"","format":"standard","meta":{"footnotes":""},"categories":[1],"tags":[],"class_list":["post-426","post","type-post","status-publish","format-standard","hentry","category-non-classe"],"_links":{"self":[{"href":"https:\/\/afaps.fr\/index.php?rest_route=\/wp\/v2\/posts\/426","targetHints":{"allow":["GET"]}}],"collection":[{"href":"https:\/\/afaps.fr\/index.php?rest_route=\/wp\/v2\/posts"}],"about":[{"href":"https:\/\/afaps.fr\/index.php?rest_route=\/wp\/v2\/types\/post"}],"author":[{"embeddable":true,"href":"https:\/\/afaps.fr\/index.php?rest_route=\/wp\/v2\/users\/2"}],"replies":[{"embeddable":true,"href":"https:\/\/afaps.fr\/index.php?rest_route=%2Fwp%2Fv2%2Fcomments&post=426"}],"version-history":[{"count":70,"href":"https:\/\/afaps.fr\/index.php?rest_route=\/wp\/v2\/posts\/426\/revisions"}],"predecessor-version":[{"id":576,"href":"https:\/\/afaps.fr\/index.php?rest_route=\/wp\/v2\/posts\/426\/revisions\/576"}],"wp:attachment":[{"href":"https:\/\/afaps.fr\/index.php?rest_route=%2Fwp%2Fv2%2Fmedia&parent=426"}],"wp:term":[{"taxonomy":"category","embeddable":true,"href":"https:\/\/afaps.fr\/index.php?rest_route=%2Fwp%2Fv2%2Fcategories&post=426"},{"taxonomy":"post_tag","embeddable":true,"href":"https:\/\/afaps.fr\/index.php?rest_route=%2Fwp%2Fv2%2Ftags&post=426"}],"curies":[{"name":"wp","href":"https:\/\/api.w.org\/{rel}","templated":true}]}}